{"id":110,"date":"2012-03-28T21:51:00","date_gmt":"2012-03-28T19:51:00","guid":{"rendered":"http:\/\/rennebeau.fr\/index.php\/2012\/03\/28\/pink-lips-2\/"},"modified":"2012-03-28T21:51:00","modified_gmt":"2012-03-28T19:51:00","slug":"pink-lips-2","status":"publish","type":"post","link":"https:\/\/rennebeau.fr\/index.php\/2012\/03\/28\/pink-lips-2\/","title":{"rendered":"Pink lips"},"content":{"rendered":"<p>Je commence \u00e0 accumuler les rouges \u00e0 l\u00e8vres, mais je n&#8217;ose pas en porter pour sortir. J&#8217;ai peur de me retrouver avec du rouge sur les dents, ou barbouill\u00e9 un peu partout. La transition labello puis rouge qui p\u00e8te n&#8217;est peut \u00eatre pas ce qu&#8217;il y a de plus facile.<br \/>Avant hier soir, je suis rentr\u00e9e avec deux rouges \u00e0 l\u00e8vres Yves Rocher. Ils sont tous les deux de la gamme luminelle, celui que j&#8217;ai utilis\u00e9 ici est cens\u00e9 \u00eatre un corail.<\/p>\n<p>Je l&#8217;ai pos\u00e9 au raisin, et je trouve que ce n&#8217;est pas choquant. Avec certains rouges \u00e0 l\u00e8vres fonc\u00e9 c&#8217;est trop impr\u00e9cis et \u00e7a ne pardonne pas. Il y a du baume \u00e0 l\u00e8vres dessous, et le rouge marque quand m\u00eame bien, et c&#8217;est confortable.<br \/>Sur la derni\u00e8re photo (qui date d&#8217;hier), j&#8217;ai ajout\u00e9 du gloss par dessus, j&#8217;aime bien le rendu. <\/p>\n<div style=\"clear: both; text-align: center;\"><a href=\"http:\/\/nsa21.casimages.com\/img\/2012\/03\/28\/120328104439496977.jpg\" style=\"margin-left: 1em; margin-right: 1em;\"><img border=\"0\" src=\"http:\/\/nsa21.casimages.com\/img\/2012\/03\/28\/120328104439496977.jpg\" \/><\/a><\/div>\n<p><\/p>\n<div style=\"clear: both; text-align: center;\"><a href=\"http:\/\/nsa21.casimages.com\/img\/2012\/03\/28\/120328104512646873.jpg\" style=\"margin-left: 1em; margin-right: 1em;\"><img border=\"0\" src=\"http:\/\/nsa21.casimages.com\/img\/2012\/03\/28\/120328104512646873.jpg\" \/><\/a><\/div>\n<div style=\"clear: both; text-align: center;\"><a href=\"http:\/\/nsa21.casimages.com\/img\/2012\/03\/27\/120327092924623037.jpg\" style=\"margin-left: 1em; margin-right: 1em;\"><img border=\"0\" src=\"http:\/\/nsa21.casimages.com\/img\/2012\/03\/27\/120327092924623037.jpg\" \/>&nbsp;<\/a><\/div>\n<div style=\"clear: both; text-align: center;\"><\/div>\n","protected":false},"excerpt":{"rendered":"<p>Je commence \u00e0 accumuler les rouges \u00e0 l\u00e8vres, mais je n&#8217;ose pas en porter pour sortir. J&#8217;ai peur de me retrouver avec du rouge sur les dents, ou barbouill\u00e9 un peu partout. La transition labello puis rouge qui p\u00e8te n&#8217;est peut \u00eatre pas ce qu&#8217;il y a de plus facile.Avant hier soir, je suis rentr\u00e9e avec deux rouges \u00e0 l\u00e8vres Yves Rocher. Ils sont tous les deux de la gamme luminelle, celui que j&#8217;ai utilis\u00e9 ici est cens\u00e9 \u00eatre un corail. Je l&#8217;ai pos\u00e9 au raisin, et je trouve que ce n&#8217;est pas choquant. Avec certains rouges \u00e0 l\u00e8vres fonc\u00e9 c&#8217;est trop impr\u00e9cis et \u00e7a ne pardonne pas. Il y a du baume \u00e0 l\u00e8vres dessous, et le rouge marque quand m\u00eame bien, et c&#8217;est confortable.Sur la derni\u00e8re photo (qui date d&#8217;hier), j&#8217;ai ajout\u00e9 du gloss par dessus, j&#8217;aime bien le rendu. &nbsp;<\/p>\n","protected":false},"author":1,"featured_media":0,"comment_status":"open","ping_status":"open","sticky":false,"template":"","format":"standard","meta":{"_mi_skip_tracking":false},"categories":[15,14],"tags":[],"_links":{"self":[{"href":"https:\/\/rennebeau.fr\/index.php\/wp-json\/wp\/v2\/posts\/110"}],"collection":[{"href":"https:\/\/rennebeau.fr\/index.php\/wp-json\/wp\/v2\/posts"}],"about":[{"href":"https:\/\/rennebeau.fr\/index.php\/wp-json\/wp\/v2\/types\/post"}],"author":[{"embeddable":true,"href":"https:\/\/rennebeau.fr\/index.php\/wp-json\/wp\/v2\/users\/1"}],"replies":[{"embeddable":true,"href":"https:\/\/rennebeau.fr\/index.php\/wp-json\/wp\/v2\/comments?post=110"}],"version-history":[{"count":0,"href":"https:\/\/rennebeau.fr\/index.php\/wp-json\/wp\/v2\/posts\/110\/revisions"}],"wp:attachment":[{"href":"https:\/\/rennebeau.fr\/index.php\/wp-json\/wp\/v2\/media?parent=110"}],"wp:term":[{"taxonomy":"category","embeddable":true,"href":"https:\/\/rennebeau.fr\/index.php\/wp-json\/wp\/v2\/categories?post=110"},{"taxonomy":"post_tag","embeddable":true,"href":"https:\/\/rennebeau.fr\/index.php\/wp-json\/wp\/v2\/tags?post=110"}],"curies":[{"name":"wp","href":"https:\/\/api.w.org\/{rel}","templated":true}]}}